{"id":799,"date":"2021-03-24T18:42:35","date_gmt":"2021-03-24T17:42:35","guid":{"rendered":"http:\/\/galeriecentral.ch\/patrick-nyfeler-in-der-engadiner-post\/"},"modified":"2021-03-24T18:42:35","modified_gmt":"2021-03-24T17:42:35","slug":"patrick-nyfeler-in-der-engadiner-post","status":"publish","type":"post","link":"https:\/\/galeriecentral.ch\/en\/patrick-nyfeler-in-der-engadiner-post\/","title":{"rendered":"Patrick Nyfeler in der Engadiner Post"},"content":{"rendered":"<p><img loading=\"lazy\" decoding=\"async\" class=\"size-medium wp-image-794 alignleft\" src=\"http:\/\/galeriecentral.ch\/wp-content\/uploads\/2021\/03\/Patrick-Nyfeler-in-der-Engadiner-Post-Pic-296x300.jpg\" alt=\"\" width=\"296\" height=\"300\" srcset=\"https:\/\/galeriecentral.ch\/wp-content\/uploads\/2021\/03\/Patrick-Nyfeler-in-der-Engadiner-Post-Pic-296x300.jpg 296w, https:\/\/galeriecentral.ch\/wp-content\/uploads\/2021\/03\/Patrick-Nyfeler-in-der-Engadiner-Post-Pic-1012x1024.jpg 1012w, https:\/\/galeriecentral.ch\/wp-content\/uploads\/2021\/03\/Patrick-Nyfeler-in-der-Engadiner-Post-Pic-768x777.jpg 768w, https:\/\/galeriecentral.ch\/wp-content\/uploads\/2021\/03\/Patrick-Nyfeler-in-der-Engadiner-Post-Pic-148x150.jpg 148w, https:\/\/galeriecentral.ch\/wp-content\/uploads\/2021\/03\/Patrick-Nyfeler-in-der-Engadiner-Post-Pic-1518x1536.jpg 1518w, https:\/\/galeriecentral.ch\/wp-content\/uploads\/2021\/03\/Patrick-Nyfeler-in-der-Engadiner-Post-Pic-2024x2048.jpg 2024w, https:\/\/galeriecentral.ch\/wp-content\/uploads\/2021\/03\/Patrick-Nyfeler-in-der-Engadiner-Post-Pic-1423x1440.jpg 1423w\" sizes=\"auto, (max-width: 296px) 100vw, 296px\" \/>\u201cIm unteren Tal der Via dal Bagn in St. Moritz Bad sind die Menschen oft schnell unterwegs und gehen ihren Besorgungen nach. Dabei k\u00f6nnten sie zwischen dem Gang zum B\u00e4cker, Coiffeur oder zu Apotheke auch mal einen Moment innehalten. Dazu l\u00e4dt sie die Central Art Gallery schr\u00e4g gegen\u00fcber vom Coop Bellevue ein. Seit einigen Wochen schon steht vor ihrer Eingangst\u00fcr eine Installation, an der man nicht achtlos vorbeieilen sollte. [&#8230;]&#8221;<\/p>\n<p>Wir haben uns sehr gefreut, dass die Engadiner Post einen informativen Artikel \u00fcber die Installation von Patrick Nyfeler, welche vor unserer Central Art Gallery steht, geschrieben hat. Gerne k\u00f6nnen Sie sich den Artikel herunterladen, um mehr \u00fcber unseren K\u00fcnstler Patrick Nyfeler und seine Installation zu erfahren. Wir bedanken uns ganz herzlich bei der Engadiner Post und Marie-Claire Jur f\u00fcr diesen Beitrag!<\/p>\n<p><a href=\"http:\/\/galeriecentral.ch\/wp-content\/uploads\/2021\/03\/Patrick-Nyfeler-in-der-Engadiner-Post.pdf\">Patrick Nyfeler in der Engadiner Post<\/a><\/p>\n","protected":false},"excerpt":{"rendered":"<p>\u201cIm unteren Tal der Via dal Bagn in St. Moritz Bad sind die Menschen oft schnell unterwegs und gehen ihren Besorgungen nach. Dabei k\u00f6nnten sie zwischen dem Gang zum B\u00e4cker, Coiffeur oder zu Apotheke auch mal einen Moment innehalten. Dazu l\u00e4dt sie die Central Art Gallery schr\u00e4g gegen\u00fcber vom Coop Bellevue ein. Seit einigen Wochen [&hellip;]<\/p>\n","protected":false},"author":2,"featured_media":795,"comment_status":"closed","ping_status":"closed","sticky":false,"template":"","format":"standard","meta":{"_acf_changed":false,"footnotes":""},"categories":[10],"tags":[],"class_list":["post-799","post","type-post","status-publish","format-standard","has-post-thumbnail","hentry","category-uncategorized"],"acf":[],"yoast_head":"<!-- This site is optimized with the Yoast SEO plugin v27.5 - https:\/\/yoast.com\/product\/yoast-seo-wordpress\/ -->\n<title>Patrick Nyfeler in der Engadiner Post - Galerie Central<\/title>\n<meta name=\"robots\" content=\"index, follow, max-snippet:-1, max-image-preview:large, max-video-preview:-1\" \/>\n<link rel=\"canonical\" href=\"https:\/\/galeriecentral.ch\/en\/patrick-nyfeler-in-der-engadiner-post\/\" \/>\n<meta property=\"og:locale\" content=\"en_US\" \/>\n<meta property=\"og:type\" content=\"article\" \/>\n<meta property=\"og:title\" content=\"Patrick Nyfeler in der Engadiner Post - Galerie Central\" \/>\n<meta property=\"og:description\" content=\"\u201cIm unteren Tal der Via dal Bagn in St. Moritz Bad sind die Menschen oft schnell unterwegs und gehen ihren Besorgungen nach. Dabei k\u00f6nnten sie zwischen dem Gang zum B\u00e4cker, Coiffeur oder zu Apotheke auch mal einen Moment innehalten. Dazu l\u00e4dt sie die Central Art Gallery schr\u00e4g gegen\u00fcber vom Coop Bellevue ein. Seit einigen Wochen [&hellip;]\" \/>\n<meta property=\"og:url\" content=\"https:\/\/galeriecentral.ch\/en\/patrick-nyfeler-in-der-engadiner-post\/\" \/>\n<meta property=\"og:site_name\" content=\"Galerie Central\" \/>\n<meta property=\"article:published_time\" content=\"2021-03-24T17:42:35+00:00\" \/>\n<meta property=\"og:image\" content=\"https:\/\/galeriecentral.ch\/wp-content\/uploads\/2021\/03\/Patrick-Nyfeler-in-der-Engadiner-Post-Pic-1012x1024.jpg\" \/>\n\t<meta property=\"og:image:width\" content=\"1012\" \/>\n\t<meta property=\"og:image:height\" content=\"1024\" \/>\n\t<meta property=\"og:image:type\" content=\"image\/jpeg\" \/>\n<meta name=\"author\" content=\"galeriecentral\" \/>\n<meta name=\"twitter:card\" content=\"summary_large_image\" \/>\n<meta name=\"twitter:label1\" content=\"Written by\" \/>\n\t<meta name=\"twitter:data1\" content=\"galeriecentral\" \/>\n\t<meta name=\"twitter:label2\" content=\"Est. reading time\" \/>\n\t<meta name=\"twitter:data2\" content=\"1 minute\" \/>\n<script type=\"application\/ld+json\" class=\"yoast-schema-graph\">{\"@context\":\"https:\\\/\\\/schema.org\",\"@graph\":[{\"@type\":\"Article\",\"@id\":\"https:\\\/\\\/galeriecentral.ch\\\/en\\\/patrick-nyfeler-in-der-engadiner-post\\\/#article\",\"isPartOf\":{\"@id\":\"https:\\\/\\\/galeriecentral.ch\\\/en\\\/patrick-nyfeler-in-der-engadiner-post\\\/\"},\"author\":{\"name\":\"galeriecentral\",\"@id\":\"https:\\\/\\\/galeriecentral.ch\\\/#\\\/schema\\\/person\\\/0e70119fb3c04d956e8eef8e6cdea241\"},\"headline\":\"Patrick Nyfeler in der Engadiner Post\",\"datePublished\":\"2021-03-24T17:42:35+00:00\",\"mainEntityOfPage\":{\"@id\":\"https:\\\/\\\/galeriecentral.ch\\\/en\\\/patrick-nyfeler-in-der-engadiner-post\\\/\"},\"wordCount\":151,\"image\":{\"@id\":\"https:\\\/\\\/galeriecentral.ch\\\/en\\\/patrick-nyfeler-in-der-engadiner-post\\\/#primaryimage\"},\"thumbnailUrl\":\"https:\\\/\\\/galeriecentral.ch\\\/wp-content\\\/uploads\\\/2021\\\/03\\\/Patrick-Nyfeler-in-der-Engadiner-Post-Pic-scaled.jpg\",\"inLanguage\":\"en-US\"},{\"@type\":\"WebPage\",\"@id\":\"https:\\\/\\\/galeriecentral.ch\\\/en\\\/patrick-nyfeler-in-der-engadiner-post\\\/\",\"url\":\"https:\\\/\\\/galeriecentral.ch\\\/en\\\/patrick-nyfeler-in-der-engadiner-post\\\/\",\"name\":\"Patrick Nyfeler in der Engadiner Post - Galerie Central\",\"isPartOf\":{\"@id\":\"https:\\\/\\\/galeriecentral.ch\\\/#website\"},\"primaryImageOfPage\":{\"@id\":\"https:\\\/\\\/galeriecentral.ch\\\/en\\\/patrick-nyfeler-in-der-engadiner-post\\\/#primaryimage\"},\"image\":{\"@id\":\"https:\\\/\\\/galeriecentral.ch\\\/en\\\/patrick-nyfeler-in-der-engadiner-post\\\/#primaryimage\"},\"thumbnailUrl\":\"https:\\\/\\\/galeriecentral.ch\\\/wp-content\\\/uploads\\\/2021\\\/03\\\/Patrick-Nyfeler-in-der-Engadiner-Post-Pic-scaled.jpg\",\"datePublished\":\"2021-03-24T17:42:35+00:00\",\"author\":{\"@id\":\"https:\\\/\\\/galeriecentral.ch\\\/#\\\/schema\\\/person\\\/0e70119fb3c04d956e8eef8e6cdea241\"},\"breadcrumb\":{\"@id\":\"https:\\\/\\\/galeriecentral.ch\\\/en\\\/patrick-nyfeler-in-der-engadiner-post\\\/#breadcrumb\"},\"inLanguage\":\"en-US\",\"potentialAction\":[{\"@type\":\"ReadAction\",\"target\":[\"https:\\\/\\\/galeriecentral.ch\\\/en\\\/patrick-nyfeler-in-der-engadiner-post\\\/\"]}]},{\"@type\":\"ImageObject\",\"inLanguage\":\"en-US\",\"@id\":\"https:\\\/\\\/galeriecentral.ch\\\/en\\\/patrick-nyfeler-in-der-engadiner-post\\\/#primaryimage\",\"url\":\"https:\\\/\\\/galeriecentral.ch\\\/wp-content\\\/uploads\\\/2021\\\/03\\\/Patrick-Nyfeler-in-der-Engadiner-Post-Pic-scaled.jpg\",\"contentUrl\":\"https:\\\/\\\/galeriecentral.ch\\\/wp-content\\\/uploads\\\/2021\\\/03\\\/Patrick-Nyfeler-in-der-Engadiner-Post-Pic-scaled.jpg\",\"width\":2530,\"height\":2560},{\"@type\":\"BreadcrumbList\",\"@id\":\"https:\\\/\\\/galeriecentral.ch\\\/en\\\/patrick-nyfeler-in-der-engadiner-post\\\/#breadcrumb\",\"itemListElement\":[{\"@type\":\"ListItem\",\"position\":1,\"name\":\"Home\",\"item\":\"https:\\\/\\\/galeriecentral.ch\\\/en\\\/\"},{\"@type\":\"ListItem\",\"position\":2,\"name\":\"Patrick Nyfeler in der Engadiner Post\"}]},{\"@type\":\"WebSite\",\"@id\":\"https:\\\/\\\/galeriecentral.ch\\\/#website\",\"url\":\"https:\\\/\\\/galeriecentral.ch\\\/\",\"name\":\"Galerie Central\",\"description\":\"\",\"potentialAction\":[{\"@type\":\"SearchAction\",\"target\":{\"@type\":\"EntryPoint\",\"urlTemplate\":\"https:\\\/\\\/galeriecentral.ch\\\/?s={search_term_string}\"},\"query-input\":{\"@type\":\"PropertyValueSpecification\",\"valueRequired\":true,\"valueName\":\"search_term_string\"}}],\"inLanguage\":\"en-US\"},{\"@type\":\"Person\",\"@id\":\"https:\\\/\\\/galeriecentral.ch\\\/#\\\/schema\\\/person\\\/0e70119fb3c04d956e8eef8e6cdea241\",\"name\":\"galeriecentral\",\"sameAs\":[\"http:\\\/\\\/galeriecentral.ch\\\/\"],\"url\":\"https:\\\/\\\/galeriecentral.ch\\\/en\\\/author\\\/galeriecentral\\\/\"}]}<\/script>\n<!-- \/ Yoast SEO plugin. -->","yoast_head_json":{"title":"Patrick Nyfeler in der Engadiner Post - Galerie Central","robots":{"index":"index","follow":"follow","max-snippet":"max-snippet:-1","max-image-preview":"max-image-preview:large","max-video-preview":"max-video-preview:-1"},"canonical":"https:\/\/galeriecentral.ch\/en\/patrick-nyfeler-in-der-engadiner-post\/","og_locale":"en_US","og_type":"article","og_title":"Patrick Nyfeler in der Engadiner Post - Galerie Central","og_description":"\u201cIm unteren Tal der Via dal Bagn in St. Moritz Bad sind die Menschen oft schnell unterwegs und gehen ihren Besorgungen nach. Dabei k\u00f6nnten sie zwischen dem Gang zum B\u00e4cker, Coiffeur oder zu Apotheke auch mal einen Moment innehalten. Dazu l\u00e4dt sie die Central Art Gallery schr\u00e4g gegen\u00fcber vom Coop Bellevue ein. Seit einigen Wochen [&hellip;]","og_url":"https:\/\/galeriecentral.ch\/en\/patrick-nyfeler-in-der-engadiner-post\/","og_site_name":"Galerie Central","article_published_time":"2021-03-24T17:42:35+00:00","og_image":[{"width":1012,"height":1024,"url":"https:\/\/galeriecentral.ch\/wp-content\/uploads\/2021\/03\/Patrick-Nyfeler-in-der-Engadiner-Post-Pic-1012x1024.jpg","type":"image\/jpeg"}],"author":"galeriecentral","twitter_card":"summary_large_image","twitter_misc":{"Written by":"galeriecentral","Est. reading time":"1 minute"},"schema":{"@context":"https:\/\/schema.org","@graph":[{"@type":"Article","@id":"https:\/\/galeriecentral.ch\/en\/patrick-nyfeler-in-der-engadiner-post\/#article","isPartOf":{"@id":"https:\/\/galeriecentral.ch\/en\/patrick-nyfeler-in-der-engadiner-post\/"},"author":{"name":"galeriecentral","@id":"https:\/\/galeriecentral.ch\/#\/schema\/person\/0e70119fb3c04d956e8eef8e6cdea241"},"headline":"Patrick Nyfeler in der Engadiner Post","datePublished":"2021-03-24T17:42:35+00:00","mainEntityOfPage":{"@id":"https:\/\/galeriecentral.ch\/en\/patrick-nyfeler-in-der-engadiner-post\/"},"wordCount":151,"image":{"@id":"https:\/\/galeriecentral.ch\/en\/patrick-nyfeler-in-der-engadiner-post\/#primaryimage"},"thumbnailUrl":"https:\/\/galeriecentral.ch\/wp-content\/uploads\/2021\/03\/Patrick-Nyfeler-in-der-Engadiner-Post-Pic-scaled.jpg","inLanguage":"en-US"},{"@type":"WebPage","@id":"https:\/\/galeriecentral.ch\/en\/patrick-nyfeler-in-der-engadiner-post\/","url":"https:\/\/galeriecentral.ch\/en\/patrick-nyfeler-in-der-engadiner-post\/","name":"Patrick Nyfeler in der Engadiner Post - Galerie Central","isPartOf":{"@id":"https:\/\/galeriecentral.ch\/#website"},"primaryImageOfPage":{"@id":"https:\/\/galeriecentral.ch\/en\/patrick-nyfeler-in-der-engadiner-post\/#primaryimage"},"image":{"@id":"https:\/\/galeriecentral.ch\/en\/patrick-nyfeler-in-der-engadiner-post\/#primaryimage"},"thumbnailUrl":"https:\/\/galeriecentral.ch\/wp-content\/uploads\/2021\/03\/Patrick-Nyfeler-in-der-Engadiner-Post-Pic-scaled.jpg","datePublished":"2021-03-24T17:42:35+00:00","author":{"@id":"https:\/\/galeriecentral.ch\/#\/schema\/person\/0e70119fb3c04d956e8eef8e6cdea241"},"breadcrumb":{"@id":"https:\/\/galeriecentral.ch\/en\/patrick-nyfeler-in-der-engadiner-post\/#breadcrumb"},"inLanguage":"en-US","potentialAction":[{"@type":"ReadAction","target":["https:\/\/galeriecentral.ch\/en\/patrick-nyfeler-in-der-engadiner-post\/"]}]},{"@type":"ImageObject","inLanguage":"en-US","@id":"https:\/\/galeriecentral.ch\/en\/patrick-nyfeler-in-der-engadiner-post\/#primaryimage","url":"https:\/\/galeriecentral.ch\/wp-content\/uploads\/2021\/03\/Patrick-Nyfeler-in-der-Engadiner-Post-Pic-scaled.jpg","contentUrl":"https:\/\/galeriecentral.ch\/wp-content\/uploads\/2021\/03\/Patrick-Nyfeler-in-der-Engadiner-Post-Pic-scaled.jpg","width":2530,"height":2560},{"@type":"BreadcrumbList","@id":"https:\/\/galeriecentral.ch\/en\/patrick-nyfeler-in-der-engadiner-post\/#breadcrumb","itemListElement":[{"@type":"ListItem","position":1,"name":"Home","item":"https:\/\/galeriecentral.ch\/en\/"},{"@type":"ListItem","position":2,"name":"Patrick Nyfeler in der Engadiner Post"}]},{"@type":"WebSite","@id":"https:\/\/galeriecentral.ch\/#website","url":"https:\/\/galeriecentral.ch\/","name":"Galerie Central","description":"","potentialAction":[{"@type":"SearchAction","target":{"@type":"EntryPoint","urlTemplate":"https:\/\/galeriecentral.ch\/?s={search_term_string}"},"query-input":{"@type":"PropertyValueSpecification","valueRequired":true,"valueName":"search_term_string"}}],"inLanguage":"en-US"},{"@type":"Person","@id":"https:\/\/galeriecentral.ch\/#\/schema\/person\/0e70119fb3c04d956e8eef8e6cdea241","name":"galeriecentral","sameAs":["http:\/\/galeriecentral.ch\/"],"url":"https:\/\/galeriecentral.ch\/en\/author\/galeriecentral\/"}]}},"_links":{"self":[{"href":"https:\/\/galeriecentral.ch\/en\/wp-json\/wp\/v2\/posts\/799","targetHints":{"allow":["GET"]}}],"collection":[{"href":"https:\/\/galeriecentral.ch\/en\/wp-json\/wp\/v2\/posts"}],"about":[{"href":"https:\/\/galeriecentral.ch\/en\/wp-json\/wp\/v2\/types\/post"}],"author":[{"embeddable":true,"href":"https:\/\/galeriecentral.ch\/en\/wp-json\/wp\/v2\/users\/2"}],"replies":[{"embeddable":true,"href":"https:\/\/galeriecentral.ch\/en\/wp-json\/wp\/v2\/comments?post=799"}],"version-history":[{"count":0,"href":"https:\/\/galeriecentral.ch\/en\/wp-json\/wp\/v2\/posts\/799\/revisions"}],"wp:featuredmedia":[{"embeddable":true,"href":"https:\/\/galeriecentral.ch\/en\/wp-json\/wp\/v2\/media\/795"}],"wp:attachment":[{"href":"https:\/\/galeriecentral.ch\/en\/wp-json\/wp\/v2\/media?parent=799"}],"wp:term":[{"taxonomy":"category","embeddable":true,"href":"https:\/\/galeriecentral.ch\/en\/wp-json\/wp\/v2\/categories?post=799"},{"taxonomy":"post_tag","embeddable":true,"href":"https:\/\/galeriecentral.ch\/en\/wp-json\/wp\/v2\/tags?post=799"}],"curies":[{"name":"wp","href":"https:\/\/api.w.org\/{rel}","templated":true}]}}