{"id":629,"date":"2020-10-23T15:18:21","date_gmt":"2020-10-23T13:18:21","guid":{"rendered":"http:\/\/galeriecentral.ch\/?p=629"},"modified":"2020-11-25T10:50:32","modified_gmt":"2020-11-25T09:50:32","slug":"death-wears-many-faces-the-exhibition-totentanz-by-angela-eberhard-in-buxheim-bavaria","status":"publish","type":"post","link":"https:\/\/galeriecentral.ch\/en\/death-wears-many-faces-the-exhibition-totentanz-by-angela-eberhard-in-buxheim-bavaria\/","title":{"rendered":"Death Wears Many Faces \u2013 The Exhibition \u201cTotentanz\u201d by Angela Eberhard in Buxheim (Bavaria)"},"content":{"rendered":"<p><img loading=\"lazy\" decoding=\"async\" class=\"size-medium wp-image-636 alignleft\" src=\"http:\/\/galeriecentral.ch\/wp-content\/uploads\/2020\/10\/swim-225x300.jpg\" alt=\"\" width=\"225\" height=\"300\" srcset=\"https:\/\/galeriecentral.ch\/wp-content\/uploads\/2020\/10\/swim-225x300.jpg 225w, https:\/\/galeriecentral.ch\/wp-content\/uploads\/2020\/10\/swim-768x1024.jpg 768w, https:\/\/galeriecentral.ch\/wp-content\/uploads\/2020\/10\/swim-113x150.jpg 113w, https:\/\/galeriecentral.ch\/wp-content\/uploads\/2020\/10\/swim-1152x1536.jpg 1152w, https:\/\/galeriecentral.ch\/wp-content\/uploads\/2020\/10\/swim-1536x2048.jpg 1536w, https:\/\/galeriecentral.ch\/wp-content\/uploads\/2020\/10\/swim-1080x1440.jpg 1080w, https:\/\/galeriecentral.ch\/wp-content\/uploads\/2020\/10\/swim-scaled.jpg 1920w\" sizes=\"auto, (max-width: 225px) 100vw, 225px\" \/> The exhibition \u201eTotentanz\u201c by Angela Eberhard draws its lens towards the depiction of the Dance of the Dead and its representation in our society in the 21<sup>st<\/sup> century. The key of her work lies in the foreshadowing of the immediacy of death since the ceramic sculptures always embody a skeleton as well as a person on the brink of dying from various causes.<\/p>\n<p>Her Dance of the Dead depiction plays on historical narratives such as being tortured with nails until the sweet release of death absolves the sufferer but also addresses taboo topics that have only recently spurred an open conversation in the Western society: from miscarriage to heart attacks, from drowning to infant death, Eberhard has the courage to not shy away from imagining the terrors of death and approaches the subject almost with a strange sense of humour.<\/p>\n<p>Eberhard draws on the first representations of the Dance of the Dead. The first depiction came with the 14<sup>th<\/sup> century, in the times where the plague brought a cloud of devastation to the Middle Age era. In this period of time where society slowly worked towards luxuries such as wealth, individuality and power, the inevitability of death and unachievable immortality has become a thought strongly associated with privilege \u2013 a privilege to lead a fulfilling life with comfort and dreams, which very much falls into a contemporary conversation of a civilised society.<\/p>\n<p>The first wall painting of the Dance of the Dead came in the 15<sup>th<\/sup> century although the inspiration stems from the 11<sup>th<\/sup> century legend of the three kings who meet three dead men during their hunting excursion. This Memento Mori is representative of the limitations and the value to the living, which Eberhard explores in the context of today.<\/p>\n<p><img loading=\"lazy\" decoding=\"async\" class=\"size-medium wp-image-634 alignleft\" src=\"http:\/\/galeriecentral.ch\/wp-content\/uploads\/2020\/10\/kind-225x300.jpg\" alt=\"\" width=\"225\" height=\"300\" srcset=\"https:\/\/galeriecentral.ch\/wp-content\/uploads\/2020\/10\/kind-225x300.jpg 225w, https:\/\/galeriecentral.ch\/wp-content\/uploads\/2020\/10\/kind-768x1024.jpg 768w, https:\/\/galeriecentral.ch\/wp-content\/uploads\/2020\/10\/kind-113x150.jpg 113w, https:\/\/galeriecentral.ch\/wp-content\/uploads\/2020\/10\/kind-1152x1536.jpg 1152w, https:\/\/galeriecentral.ch\/wp-content\/uploads\/2020\/10\/kind-1536x2048.jpg 1536w, https:\/\/galeriecentral.ch\/wp-content\/uploads\/2020\/10\/kind-1080x1440.jpg 1080w, https:\/\/galeriecentral.ch\/wp-content\/uploads\/2020\/10\/kind-scaled.jpg 1920w\" sizes=\"auto, (max-width: 225px) 100vw, 225px\" \/> The exhibition is held at the Kartause (a monestary) in Buxheim (Bavaria), giving it the unsettling backdrop that the art works as well as the Halloween season deserve. The sculptures are exhibited in one neat row where each representation of death is framed by the cloister windows to allude towards the thin line between death and the bright purity of heaven.<\/p>\n<p>The ceramic sculptures capture an organic quality, almost as if the material consists of natural sources such as earth and sand. This evocation resonates with the origin story of the creation of mankind, which directly connects to Hans Christian Andersen who draws our attention to the fact that birth is synonymous with a death sentence:<\/p>\n<p><em>\u201cDas Leben ist wie die Lampe, die auch schon anf\u00e4ngt auszubrennen, wenn sie angez\u00fcndet wird! So alt wie jeder von euch ist, so viele Jahre habe ich schon mit euch getanzt. Jeder hat seine eigenen Touren, und der eine h\u00e4lt den Tanz l\u00e4nger aus als der andere. Aber die Lichter verl\u00f6schen zur Morgenstunde, und dann sinkt ihr alle m\u00fcde in meine Arme \u2013 das nennt man sterben.\u201d<\/em><\/p>\n<p>The main ideas of this sentiment by Andersen is the reflection on the reality that death is with you from the moment you are born, which means that death has been dancing with you for as many years as you are old \u2013 a timeless conversation that no person can be exempt from. <img loading=\"lazy\" decoding=\"async\" class=\"size-medium wp-image-632 alignleft\" src=\"http:\/\/galeriecentral.ch\/wp-content\/uploads\/2020\/10\/ich-225x300.jpg\" alt=\"\" width=\"225\" height=\"300\" srcset=\"https:\/\/galeriecentral.ch\/wp-content\/uploads\/2020\/10\/ich-225x300.jpg 225w, https:\/\/galeriecentral.ch\/wp-content\/uploads\/2020\/10\/ich-768x1024.jpg 768w, https:\/\/galeriecentral.ch\/wp-content\/uploads\/2020\/10\/ich-113x150.jpg 113w, https:\/\/galeriecentral.ch\/wp-content\/uploads\/2020\/10\/ich-1152x1536.jpg 1152w, https:\/\/galeriecentral.ch\/wp-content\/uploads\/2020\/10\/ich-1536x2048.jpg 1536w, https:\/\/galeriecentral.ch\/wp-content\/uploads\/2020\/10\/ich-1080x1440.jpg 1080w, https:\/\/galeriecentral.ch\/wp-content\/uploads\/2020\/10\/ich-scaled.jpg 1920w\" sizes=\"auto, (max-width: 225px) 100vw, 225px\" \/><\/p>\n<p>The careful and intricate technique that Eberhard uses as well as her modern interpretation of the Dance of the Dead reinforce how the pairing of century-old, traditional forms of art with a contemporary conversation has the potential to bring innovative work to the art market, which is also reflective of Ernestina Abb\u00fchl and her art that we exhibit in the Central Art Gallery.<\/p>\n<p>You can still visit the exhibition in Buxheim until the 1. November 2020. What better way to reflect on this Halloween season with the spooky exploration of the Dance of the Dead and a critical analysis of how Eberhard interprets this traditional representation of our society?<\/p>\n<p>&nbsp;<\/p>\n<p><em>by L\u00e9onie Kirchgeorg<\/em><\/p>\n","protected":false},"excerpt":{"rendered":"<p>The exhibition \u201eTotentanz\u201c by Angela Eberhard draws its lens towards the depiction of the Dance of the Dead and its representation in our society in the 21st century. The key of her work lies in the foreshadowing of the immediacy of death since the ceramic sculptures always embody a skeleton as well as a person [&hellip;]<\/p>\n","protected":false},"author":2,"featured_media":632,"comment_status":"closed","ping_status":"closed","sticky":false,"template":"","format":"standard","meta":{"_acf_changed":false,"footnotes":""},"categories":[10],"tags":[],"class_list":["post-629","post","type-post","status-publish","format-standard","has-post-thumbnail","hentry","category-uncategorized"],"acf":[],"yoast_head":"<!-- This site is optimized with the Yoast SEO plugin v27.5 - https:\/\/yoast.com\/product\/yoast-seo-wordpress\/ -->\n<title>Death Wears Many Faces \u2013 The Exhibition \u201cTotentanz\u201d by Angela Eberhard in Buxheim (Bavaria) - Galerie Central<\/title>\n<meta name=\"robots\" content=\"index, follow, max-snippet:-1, max-image-preview:large, max-video-preview:-1\" \/>\n<link rel=\"canonical\" href=\"https:\/\/galeriecentral.ch\/en\/death-wears-many-faces-the-exhibition-totentanz-by-angela-eberhard-in-buxheim-bavaria\/\" \/>\n<meta property=\"og:locale\" content=\"en_US\" \/>\n<meta property=\"og:type\" content=\"article\" \/>\n<meta property=\"og:title\" content=\"Death Wears Many Faces \u2013 The Exhibition \u201cTotentanz\u201d by Angela Eberhard in Buxheim (Bavaria) - Galerie Central\" \/>\n<meta property=\"og:description\" content=\"The exhibition \u201eTotentanz\u201c by Angela Eberhard draws its lens towards the depiction of the Dance of the Dead and its representation in our society in the 21st century. The key of her work lies in the foreshadowing of the immediacy of death since the ceramic sculptures always embody a skeleton as well as a person [&hellip;]\" \/>\n<meta property=\"og:url\" content=\"https:\/\/galeriecentral.ch\/en\/death-wears-many-faces-the-exhibition-totentanz-by-angela-eberhard-in-buxheim-bavaria\/\" \/>\n<meta property=\"og:site_name\" content=\"Galerie Central\" \/>\n<meta property=\"article:published_time\" content=\"2020-10-23T13:18:21+00:00\" \/>\n<meta property=\"article:modified_time\" content=\"2020-11-25T09:50:32+00:00\" \/>\n<meta property=\"og:image\" content=\"https:\/\/galeriecentral.ch\/wp-content\/uploads\/2020\/10\/ich-scaled.jpg\" \/>\n\t<meta property=\"og:image:width\" content=\"1920\" \/>\n\t<meta property=\"og:image:height\" content=\"2560\" \/>\n\t<meta property=\"og:image:type\" content=\"image\/jpeg\" \/>\n<meta name=\"author\" content=\"galeriecentral\" \/>\n<meta name=\"twitter:card\" content=\"summary_large_image\" \/>\n<meta name=\"twitter:label1\" content=\"Written by\" \/>\n\t<meta name=\"twitter:data1\" content=\"galeriecentral\" \/>\n\t<meta name=\"twitter:label2\" content=\"Est. reading time\" \/>\n\t<meta name=\"twitter:data2\" content=\"3 minutes\" \/>\n<script type=\"application\/ld+json\" class=\"yoast-schema-graph\">{\"@context\":\"https:\\\/\\\/schema.org\",\"@graph\":[{\"@type\":\"Article\",\"@id\":\"https:\\\/\\\/galeriecentral.ch\\\/en\\\/death-wears-many-faces-the-exhibition-totentanz-by-angela-eberhard-in-buxheim-bavaria\\\/#article\",\"isPartOf\":{\"@id\":\"https:\\\/\\\/galeriecentral.ch\\\/en\\\/death-wears-many-faces-the-exhibition-totentanz-by-angela-eberhard-in-buxheim-bavaria\\\/\"},\"author\":{\"name\":\"galeriecentral\",\"@id\":\"https:\\\/\\\/galeriecentral.ch\\\/#\\\/schema\\\/person\\\/0e70119fb3c04d956e8eef8e6cdea241\"},\"headline\":\"Death Wears Many Faces \u2013 The Exhibition \u201cTotentanz\u201d by Angela Eberhard in Buxheim (Bavaria)\",\"datePublished\":\"2020-10-23T13:18:21+00:00\",\"dateModified\":\"2020-11-25T09:50:32+00:00\",\"mainEntityOfPage\":{\"@id\":\"https:\\\/\\\/galeriecentral.ch\\\/en\\\/death-wears-many-faces-the-exhibition-totentanz-by-angela-eberhard-in-buxheim-bavaria\\\/\"},\"wordCount\":656,\"image\":{\"@id\":\"https:\\\/\\\/galeriecentral.ch\\\/en\\\/death-wears-many-faces-the-exhibition-totentanz-by-angela-eberhard-in-buxheim-bavaria\\\/#primaryimage\"},\"thumbnailUrl\":\"https:\\\/\\\/galeriecentral.ch\\\/wp-content\\\/uploads\\\/2020\\\/10\\\/ich-scaled.jpg\",\"inLanguage\":\"en-US\"},{\"@type\":\"WebPage\",\"@id\":\"https:\\\/\\\/galeriecentral.ch\\\/en\\\/death-wears-many-faces-the-exhibition-totentanz-by-angela-eberhard-in-buxheim-bavaria\\\/\",\"url\":\"https:\\\/\\\/galeriecentral.ch\\\/en\\\/death-wears-many-faces-the-exhibition-totentanz-by-angela-eberhard-in-buxheim-bavaria\\\/\",\"name\":\"Death Wears Many Faces \u2013 The Exhibition \u201cTotentanz\u201d by Angela Eberhard in Buxheim (Bavaria) - Galerie Central\",\"isPartOf\":{\"@id\":\"https:\\\/\\\/galeriecentral.ch\\\/#website\"},\"primaryImageOfPage\":{\"@id\":\"https:\\\/\\\/galeriecentral.ch\\\/en\\\/death-wears-many-faces-the-exhibition-totentanz-by-angela-eberhard-in-buxheim-bavaria\\\/#primaryimage\"},\"image\":{\"@id\":\"https:\\\/\\\/galeriecentral.ch\\\/en\\\/death-wears-many-faces-the-exhibition-totentanz-by-angela-eberhard-in-buxheim-bavaria\\\/#primaryimage\"},\"thumbnailUrl\":\"https:\\\/\\\/galeriecentral.ch\\\/wp-content\\\/uploads\\\/2020\\\/10\\\/ich-scaled.jpg\",\"datePublished\":\"2020-10-23T13:18:21+00:00\",\"dateModified\":\"2020-11-25T09:50:32+00:00\",\"author\":{\"@id\":\"https:\\\/\\\/galeriecentral.ch\\\/#\\\/schema\\\/person\\\/0e70119fb3c04d956e8eef8e6cdea241\"},\"breadcrumb\":{\"@id\":\"https:\\\/\\\/galeriecentral.ch\\\/en\\\/death-wears-many-faces-the-exhibition-totentanz-by-angela-eberhard-in-buxheim-bavaria\\\/#breadcrumb\"},\"inLanguage\":\"en-US\",\"potentialAction\":[{\"@type\":\"ReadAction\",\"target\":[\"https:\\\/\\\/galeriecentral.ch\\\/en\\\/death-wears-many-faces-the-exhibition-totentanz-by-angela-eberhard-in-buxheim-bavaria\\\/\"]}]},{\"@type\":\"ImageObject\",\"inLanguage\":\"en-US\",\"@id\":\"https:\\\/\\\/galeriecentral.ch\\\/en\\\/death-wears-many-faces-the-exhibition-totentanz-by-angela-eberhard-in-buxheim-bavaria\\\/#primaryimage\",\"url\":\"https:\\\/\\\/galeriecentral.ch\\\/wp-content\\\/uploads\\\/2020\\\/10\\\/ich-scaled.jpg\",\"contentUrl\":\"https:\\\/\\\/galeriecentral.ch\\\/wp-content\\\/uploads\\\/2020\\\/10\\\/ich-scaled.jpg\",\"width\":1920,\"height\":2560},{\"@type\":\"BreadcrumbList\",\"@id\":\"https:\\\/\\\/galeriecentral.ch\\\/en\\\/death-wears-many-faces-the-exhibition-totentanz-by-angela-eberhard-in-buxheim-bavaria\\\/#breadcrumb\",\"itemListElement\":[{\"@type\":\"ListItem\",\"position\":1,\"name\":\"Home\",\"item\":\"https:\\\/\\\/galeriecentral.ch\\\/en\\\/\"},{\"@type\":\"ListItem\",\"position\":2,\"name\":\"Death Wears Many Faces \u2013 The Exhibition \u201cTotentanz\u201d by Angela Eberhard in Buxheim (Bavaria)\"}]},{\"@type\":\"WebSite\",\"@id\":\"https:\\\/\\\/galeriecentral.ch\\\/#website\",\"url\":\"https:\\\/\\\/galeriecentral.ch\\\/\",\"name\":\"Galerie Central\",\"description\":\"\",\"potentialAction\":[{\"@type\":\"SearchAction\",\"target\":{\"@type\":\"EntryPoint\",\"urlTemplate\":\"https:\\\/\\\/galeriecentral.ch\\\/?s={search_term_string}\"},\"query-input\":{\"@type\":\"PropertyValueSpecification\",\"valueRequired\":true,\"valueName\":\"search_term_string\"}}],\"inLanguage\":\"en-US\"},{\"@type\":\"Person\",\"@id\":\"https:\\\/\\\/galeriecentral.ch\\\/#\\\/schema\\\/person\\\/0e70119fb3c04d956e8eef8e6cdea241\",\"name\":\"galeriecentral\",\"sameAs\":[\"http:\\\/\\\/galeriecentral.ch\\\/\"],\"url\":\"https:\\\/\\\/galeriecentral.ch\\\/en\\\/author\\\/galeriecentral\\\/\"}]}<\/script>\n<!-- \/ Yoast SEO plugin. -->","yoast_head_json":{"title":"Death Wears Many Faces \u2013 The Exhibition \u201cTotentanz\u201d by Angela Eberhard in Buxheim (Bavaria) - Galerie Central","robots":{"index":"index","follow":"follow","max-snippet":"max-snippet:-1","max-image-preview":"max-image-preview:large","max-video-preview":"max-video-preview:-1"},"canonical":"https:\/\/galeriecentral.ch\/en\/death-wears-many-faces-the-exhibition-totentanz-by-angela-eberhard-in-buxheim-bavaria\/","og_locale":"en_US","og_type":"article","og_title":"Death Wears Many Faces \u2013 The Exhibition \u201cTotentanz\u201d by Angela Eberhard in Buxheim (Bavaria) - Galerie Central","og_description":"The exhibition \u201eTotentanz\u201c by Angela Eberhard draws its lens towards the depiction of the Dance of the Dead and its representation in our society in the 21st century. The key of her work lies in the foreshadowing of the immediacy of death since the ceramic sculptures always embody a skeleton as well as a person [&hellip;]","og_url":"https:\/\/galeriecentral.ch\/en\/death-wears-many-faces-the-exhibition-totentanz-by-angela-eberhard-in-buxheim-bavaria\/","og_site_name":"Galerie Central","article_published_time":"2020-10-23T13:18:21+00:00","article_modified_time":"2020-11-25T09:50:32+00:00","og_image":[{"width":1920,"height":2560,"url":"https:\/\/galeriecentral.ch\/wp-content\/uploads\/2020\/10\/ich-scaled.jpg","type":"image\/jpeg"}],"author":"galeriecentral","twitter_card":"summary_large_image","twitter_misc":{"Written by":"galeriecentral","Est. reading time":"3 minutes"},"schema":{"@context":"https:\/\/schema.org","@graph":[{"@type":"Article","@id":"https:\/\/galeriecentral.ch\/en\/death-wears-many-faces-the-exhibition-totentanz-by-angela-eberhard-in-buxheim-bavaria\/#article","isPartOf":{"@id":"https:\/\/galeriecentral.ch\/en\/death-wears-many-faces-the-exhibition-totentanz-by-angela-eberhard-in-buxheim-bavaria\/"},"author":{"name":"galeriecentral","@id":"https:\/\/galeriecentral.ch\/#\/schema\/person\/0e70119fb3c04d956e8eef8e6cdea241"},"headline":"Death Wears Many Faces \u2013 The Exhibition \u201cTotentanz\u201d by Angela Eberhard in Buxheim (Bavaria)","datePublished":"2020-10-23T13:18:21+00:00","dateModified":"2020-11-25T09:50:32+00:00","mainEntityOfPage":{"@id":"https:\/\/galeriecentral.ch\/en\/death-wears-many-faces-the-exhibition-totentanz-by-angela-eberhard-in-buxheim-bavaria\/"},"wordCount":656,"image":{"@id":"https:\/\/galeriecentral.ch\/en\/death-wears-many-faces-the-exhibition-totentanz-by-angela-eberhard-in-buxheim-bavaria\/#primaryimage"},"thumbnailUrl":"https:\/\/galeriecentral.ch\/wp-content\/uploads\/2020\/10\/ich-scaled.jpg","inLanguage":"en-US"},{"@type":"WebPage","@id":"https:\/\/galeriecentral.ch\/en\/death-wears-many-faces-the-exhibition-totentanz-by-angela-eberhard-in-buxheim-bavaria\/","url":"https:\/\/galeriecentral.ch\/en\/death-wears-many-faces-the-exhibition-totentanz-by-angela-eberhard-in-buxheim-bavaria\/","name":"Death Wears Many Faces \u2013 The Exhibition \u201cTotentanz\u201d by Angela Eberhard in Buxheim (Bavaria) - Galerie Central","isPartOf":{"@id":"https:\/\/galeriecentral.ch\/#website"},"primaryImageOfPage":{"@id":"https:\/\/galeriecentral.ch\/en\/death-wears-many-faces-the-exhibition-totentanz-by-angela-eberhard-in-buxheim-bavaria\/#primaryimage"},"image":{"@id":"https:\/\/galeriecentral.ch\/en\/death-wears-many-faces-the-exhibition-totentanz-by-angela-eberhard-in-buxheim-bavaria\/#primaryimage"},"thumbnailUrl":"https:\/\/galeriecentral.ch\/wp-content\/uploads\/2020\/10\/ich-scaled.jpg","datePublished":"2020-10-23T13:18:21+00:00","dateModified":"2020-11-25T09:50:32+00:00","author":{"@id":"https:\/\/galeriecentral.ch\/#\/schema\/person\/0e70119fb3c04d956e8eef8e6cdea241"},"breadcrumb":{"@id":"https:\/\/galeriecentral.ch\/en\/death-wears-many-faces-the-exhibition-totentanz-by-angela-eberhard-in-buxheim-bavaria\/#breadcrumb"},"inLanguage":"en-US","potentialAction":[{"@type":"ReadAction","target":["https:\/\/galeriecentral.ch\/en\/death-wears-many-faces-the-exhibition-totentanz-by-angela-eberhard-in-buxheim-bavaria\/"]}]},{"@type":"ImageObject","inLanguage":"en-US","@id":"https:\/\/galeriecentral.ch\/en\/death-wears-many-faces-the-exhibition-totentanz-by-angela-eberhard-in-buxheim-bavaria\/#primaryimage","url":"https:\/\/galeriecentral.ch\/wp-content\/uploads\/2020\/10\/ich-scaled.jpg","contentUrl":"https:\/\/galeriecentral.ch\/wp-content\/uploads\/2020\/10\/ich-scaled.jpg","width":1920,"height":2560},{"@type":"BreadcrumbList","@id":"https:\/\/galeriecentral.ch\/en\/death-wears-many-faces-the-exhibition-totentanz-by-angela-eberhard-in-buxheim-bavaria\/#breadcrumb","itemListElement":[{"@type":"ListItem","position":1,"name":"Home","item":"https:\/\/galeriecentral.ch\/en\/"},{"@type":"ListItem","position":2,"name":"Death Wears Many Faces \u2013 The Exhibition \u201cTotentanz\u201d by Angela Eberhard in Buxheim (Bavaria)"}]},{"@type":"WebSite","@id":"https:\/\/galeriecentral.ch\/#website","url":"https:\/\/galeriecentral.ch\/","name":"Galerie Central","description":"","potentialAction":[{"@type":"SearchAction","target":{"@type":"EntryPoint","urlTemplate":"https:\/\/galeriecentral.ch\/?s={search_term_string}"},"query-input":{"@type":"PropertyValueSpecification","valueRequired":true,"valueName":"search_term_string"}}],"inLanguage":"en-US"},{"@type":"Person","@id":"https:\/\/galeriecentral.ch\/#\/schema\/person\/0e70119fb3c04d956e8eef8e6cdea241","name":"galeriecentral","sameAs":["http:\/\/galeriecentral.ch\/"],"url":"https:\/\/galeriecentral.ch\/en\/author\/galeriecentral\/"}]}},"_links":{"self":[{"href":"https:\/\/galeriecentral.ch\/en\/wp-json\/wp\/v2\/posts\/629","targetHints":{"allow":["GET"]}}],"collection":[{"href":"https:\/\/galeriecentral.ch\/en\/wp-json\/wp\/v2\/posts"}],"about":[{"href":"https:\/\/galeriecentral.ch\/en\/wp-json\/wp\/v2\/types\/post"}],"author":[{"embeddable":true,"href":"https:\/\/galeriecentral.ch\/en\/wp-json\/wp\/v2\/users\/2"}],"replies":[{"embeddable":true,"href":"https:\/\/galeriecentral.ch\/en\/wp-json\/wp\/v2\/comments?post=629"}],"version-history":[{"count":0,"href":"https:\/\/galeriecentral.ch\/en\/wp-json\/wp\/v2\/posts\/629\/revisions"}],"wp:featuredmedia":[{"embeddable":true,"href":"https:\/\/galeriecentral.ch\/en\/wp-json\/wp\/v2\/media\/632"}],"wp:attachment":[{"href":"https:\/\/galeriecentral.ch\/en\/wp-json\/wp\/v2\/media?parent=629"}],"wp:term":[{"taxonomy":"category","embeddable":true,"href":"https:\/\/galeriecentral.ch\/en\/wp-json\/wp\/v2\/categories?post=629"},{"taxonomy":"post_tag","embeddable":true,"href":"https:\/\/galeriecentral.ch\/en\/wp-json\/wp\/v2\/tags?post=629"}],"curies":[{"name":"wp","href":"https:\/\/api.w.org\/{rel}","templated":true}]}}