{"id":1386,"date":"2024-01-25T11:42:14","date_gmt":"2024-01-25T10:42:14","guid":{"rendered":"https:\/\/galeriecentral.ch\/nyfeler-sucht-den-frieden\/"},"modified":"2024-01-25T11:45:05","modified_gmt":"2024-01-25T10:45:05","slug":"nyfeler-sucht-den-frieden","status":"publish","type":"post","link":"https:\/\/galeriecentral.ch\/en\/nyfeler-sucht-den-frieden\/","title":{"rendered":"Nyfeler sucht den Frieden"},"content":{"rendered":"\n<figure class=\"wp-block-image size-large\"><img loading=\"lazy\" decoding=\"async\" width=\"1024\" height=\"542\" src=\"http:\/\/galeriecentral.ch\/wp-content\/uploads\/2024\/01\/DSC03639-1024x542.jpg\" alt=\"\" class=\"wp-image-1364\" srcset=\"https:\/\/galeriecentral.ch\/wp-content\/uploads\/2024\/01\/DSC03639-1024x542.jpg 1024w, https:\/\/galeriecentral.ch\/wp-content\/uploads\/2024\/01\/DSC03639-300x159.jpg 300w, https:\/\/galeriecentral.ch\/wp-content\/uploads\/2024\/01\/DSC03639-768x406.jpg 768w, https:\/\/galeriecentral.ch\/wp-content\/uploads\/2024\/01\/DSC03639-150x79.jpg 150w, https:\/\/galeriecentral.ch\/wp-content\/uploads\/2024\/01\/DSC03639-1536x812.jpg 1536w, https:\/\/galeriecentral.ch\/wp-content\/uploads\/2024\/01\/DSC03639-2048x1083.jpg 2048w, https:\/\/galeriecentral.ch\/wp-content\/uploads\/2024\/01\/DSC03639-1920x1016.jpg 1920w\" sizes=\"auto, (max-width: 1024px) 100vw, 1024px\" \/><\/figure>\n\n\n\n<p>Patrick Nyfeler ist ein K\u00fcnstler, welcher nicht nur seine Technik weiterentwickelt, sondern sich auch von den Geschehnissen der Welt inspirieren l\u00e4sst. Als der K\u00fcnstler vor ein paar Jahren zu uns in die Central Art Gallery kam, waren seine gr\u00f6ssten Quelle der Inspiration die B\u00fcndner Natur und seine Rolle als stolzer Familienvater. W\u00e4hrend er weiterhin diesen Inspirationen treu bleibt, kam das Werk \u201eLooking for&#8230;\u201c als eine tiefgr\u00fcndige und h\u00f6chst treffende Erg\u00e4nzung zu seinem Portfolio hinzu.&nbsp;<\/p>\n\n\n\n<p>Wenn man die Brutalit\u00e4ten und Schmerzen der Welt betrachtet ben\u00f6tigt das Werk keine Erkl\u00e4rung. Ein junges M\u00e4dchen nimmt ein Fernglas zur Hand und sucht nach der Friedenstaube, die aus dem Rahmen des Bilds fliegt. Der aufgebrochene Schattenfugenrahmen dient als klare Symbolik f\u00fcr die Grenzen, die durch die Weltgeschehnisse entstehen, welche aufgebrochen werden sollen, um den Frieden der Menschheit zu gew\u00e4hrleisten.\u00a0<\/p>\n\n\n\n<p>Ein h\u00f6chst treffendes Werk f\u00fcr diese unberechenbaren Zeiten. Zudem steht \u201eLooking for&#8230;\u201c in einem spannenden Dialog zu den anderen Kunstwerken, welche sich auf die Natur des B\u00fcndnerlands beziehen. Naturgewalten und dessen herzzerbrechende Konsequenzen k\u00f6nnen den von Menschen verursachten Katastrophen nahekommen. Nyfelers Konzept sagt: Sowohl die Natur als auch die Menschheit haben ausserordentliche Ereignisse zu bieten \u2013 das Sch\u00f6ne und das Schreckliche.\u00a0<\/p>\n\n\n\n<p><\/p>\n","protected":false},"excerpt":{"rendered":"<p>Patrick Nyfeler ist ein K\u00fcnstler, welcher nicht nur seine Technik weiterentwickelt, sondern sich auch von den Geschehnissen der Welt inspirieren l\u00e4sst. Als der K\u00fcnstler vor ein paar Jahren zu uns in die Central Art Gallery kam, waren seine gr\u00f6ssten Quelle der Inspiration die B\u00fcndner Natur und seine Rolle als stolzer Familienvater. W\u00e4hrend er weiterhin diesen [&hellip;]<\/p>\n","protected":false},"author":2,"featured_media":1365,"comment_status":"closed","ping_status":"closed","sticky":false,"template":"","format":"standard","meta":{"_acf_changed":false,"footnotes":""},"categories":[10],"tags":[],"class_list":["post-1386","post","type-post","status-publish","format-standard","has-post-thumbnail","hentry","category-uncategorized"],"acf":[],"yoast_head":"<!-- This site is optimized with the Yoast SEO plugin v27.5 - https:\/\/yoast.com\/product\/yoast-seo-wordpress\/ -->\n<title>Nyfeler sucht den Frieden - Galerie Central<\/title>\n<meta name=\"robots\" content=\"index, follow, max-snippet:-1, max-image-preview:large, max-video-preview:-1\" \/>\n<link rel=\"canonical\" href=\"https:\/\/galeriecentral.ch\/en\/nyfeler-sucht-den-frieden\/\" \/>\n<meta property=\"og:locale\" content=\"en_US\" \/>\n<meta property=\"og:type\" content=\"article\" \/>\n<meta property=\"og:title\" content=\"Nyfeler sucht den Frieden - Galerie Central\" \/>\n<meta property=\"og:description\" content=\"Patrick Nyfeler ist ein K\u00fcnstler, welcher nicht nur seine Technik weiterentwickelt, sondern sich auch von den Geschehnissen der Welt inspirieren l\u00e4sst. Als der K\u00fcnstler vor ein paar Jahren zu uns in die Central Art Gallery kam, waren seine gr\u00f6ssten Quelle der Inspiration die B\u00fcndner Natur und seine Rolle als stolzer Familienvater. W\u00e4hrend er weiterhin diesen [&hellip;]\" \/>\n<meta property=\"og:url\" content=\"https:\/\/galeriecentral.ch\/en\/nyfeler-sucht-den-frieden\/\" \/>\n<meta property=\"og:site_name\" content=\"Galerie Central\" \/>\n<meta property=\"article:published_time\" content=\"2024-01-25T10:42:14+00:00\" \/>\n<meta property=\"article:modified_time\" content=\"2024-01-25T10:45:05+00:00\" \/>\n<meta property=\"og:image\" content=\"http:\/\/galeriecentral.ch\/wp-content\/uploads\/2024\/01\/DSC03639-scaled.jpg\" \/>\n\t<meta property=\"og:image:width\" content=\"2560\" \/>\n\t<meta property=\"og:image:height\" content=\"1354\" \/>\n\t<meta property=\"og:image:type\" content=\"image\/jpeg\" \/>\n<meta name=\"author\" content=\"galeriecentral\" \/>\n<meta name=\"twitter:card\" content=\"summary_large_image\" \/>\n<meta name=\"twitter:label1\" content=\"Written by\" \/>\n\t<meta name=\"twitter:data1\" content=\"galeriecentral\" \/>\n\t<meta name=\"twitter:label2\" content=\"Est. reading time\" \/>\n\t<meta name=\"twitter:data2\" content=\"1 minute\" \/>\n<script type=\"application\/ld+json\" class=\"yoast-schema-graph\">{\"@context\":\"https:\\\/\\\/schema.org\",\"@graph\":[{\"@type\":\"Article\",\"@id\":\"https:\\\/\\\/galeriecentral.ch\\\/en\\\/nyfeler-sucht-den-frieden\\\/#article\",\"isPartOf\":{\"@id\":\"https:\\\/\\\/galeriecentral.ch\\\/en\\\/nyfeler-sucht-den-frieden\\\/\"},\"author\":{\"name\":\"galeriecentral\",\"@id\":\"https:\\\/\\\/galeriecentral.ch\\\/#\\\/schema\\\/person\\\/0e70119fb3c04d956e8eef8e6cdea241\"},\"headline\":\"Nyfeler sucht den Frieden\",\"datePublished\":\"2024-01-25T10:42:14+00:00\",\"dateModified\":\"2024-01-25T10:45:05+00:00\",\"mainEntityOfPage\":{\"@id\":\"https:\\\/\\\/galeriecentral.ch\\\/en\\\/nyfeler-sucht-den-frieden\\\/\"},\"wordCount\":219,\"image\":{\"@id\":\"https:\\\/\\\/galeriecentral.ch\\\/en\\\/nyfeler-sucht-den-frieden\\\/#primaryimage\"},\"thumbnailUrl\":\"https:\\\/\\\/galeriecentral.ch\\\/wp-content\\\/uploads\\\/2024\\\/01\\\/DSC03639-scaled.jpg\",\"inLanguage\":\"en-US\"},{\"@type\":\"WebPage\",\"@id\":\"https:\\\/\\\/galeriecentral.ch\\\/en\\\/nyfeler-sucht-den-frieden\\\/\",\"url\":\"https:\\\/\\\/galeriecentral.ch\\\/en\\\/nyfeler-sucht-den-frieden\\\/\",\"name\":\"Nyfeler sucht den Frieden - Galerie Central\",\"isPartOf\":{\"@id\":\"https:\\\/\\\/galeriecentral.ch\\\/#website\"},\"primaryImageOfPage\":{\"@id\":\"https:\\\/\\\/galeriecentral.ch\\\/en\\\/nyfeler-sucht-den-frieden\\\/#primaryimage\"},\"image\":{\"@id\":\"https:\\\/\\\/galeriecentral.ch\\\/en\\\/nyfeler-sucht-den-frieden\\\/#primaryimage\"},\"thumbnailUrl\":\"https:\\\/\\\/galeriecentral.ch\\\/wp-content\\\/uploads\\\/2024\\\/01\\\/DSC03639-scaled.jpg\",\"datePublished\":\"2024-01-25T10:42:14+00:00\",\"dateModified\":\"2024-01-25T10:45:05+00:00\",\"author\":{\"@id\":\"https:\\\/\\\/galeriecentral.ch\\\/#\\\/schema\\\/person\\\/0e70119fb3c04d956e8eef8e6cdea241\"},\"breadcrumb\":{\"@id\":\"https:\\\/\\\/galeriecentral.ch\\\/en\\\/nyfeler-sucht-den-frieden\\\/#breadcrumb\"},\"inLanguage\":\"en-US\",\"potentialAction\":[{\"@type\":\"ReadAction\",\"target\":[\"https:\\\/\\\/galeriecentral.ch\\\/en\\\/nyfeler-sucht-den-frieden\\\/\"]}]},{\"@type\":\"ImageObject\",\"inLanguage\":\"en-US\",\"@id\":\"https:\\\/\\\/galeriecentral.ch\\\/en\\\/nyfeler-sucht-den-frieden\\\/#primaryimage\",\"url\":\"https:\\\/\\\/galeriecentral.ch\\\/wp-content\\\/uploads\\\/2024\\\/01\\\/DSC03639-scaled.jpg\",\"contentUrl\":\"https:\\\/\\\/galeriecentral.ch\\\/wp-content\\\/uploads\\\/2024\\\/01\\\/DSC03639-scaled.jpg\",\"width\":2560,\"height\":1354},{\"@type\":\"BreadcrumbList\",\"@id\":\"https:\\\/\\\/galeriecentral.ch\\\/en\\\/nyfeler-sucht-den-frieden\\\/#breadcrumb\",\"itemListElement\":[{\"@type\":\"ListItem\",\"position\":1,\"name\":\"Home\",\"item\":\"https:\\\/\\\/galeriecentral.ch\\\/en\\\/\"},{\"@type\":\"ListItem\",\"position\":2,\"name\":\"Nyfeler sucht den Frieden\"}]},{\"@type\":\"WebSite\",\"@id\":\"https:\\\/\\\/galeriecentral.ch\\\/#website\",\"url\":\"https:\\\/\\\/galeriecentral.ch\\\/\",\"name\":\"Galerie Central\",\"description\":\"\",\"potentialAction\":[{\"@type\":\"SearchAction\",\"target\":{\"@type\":\"EntryPoint\",\"urlTemplate\":\"https:\\\/\\\/galeriecentral.ch\\\/?s={search_term_string}\"},\"query-input\":{\"@type\":\"PropertyValueSpecification\",\"valueRequired\":true,\"valueName\":\"search_term_string\"}}],\"inLanguage\":\"en-US\"},{\"@type\":\"Person\",\"@id\":\"https:\\\/\\\/galeriecentral.ch\\\/#\\\/schema\\\/person\\\/0e70119fb3c04d956e8eef8e6cdea241\",\"name\":\"galeriecentral\",\"sameAs\":[\"http:\\\/\\\/galeriecentral.ch\\\/\"],\"url\":\"https:\\\/\\\/galeriecentral.ch\\\/en\\\/author\\\/galeriecentral\\\/\"}]}<\/script>\n<!-- \/ Yoast SEO plugin. -->","yoast_head_json":{"title":"Nyfeler sucht den Frieden - Galerie Central","robots":{"index":"index","follow":"follow","max-snippet":"max-snippet:-1","max-image-preview":"max-image-preview:large","max-video-preview":"max-video-preview:-1"},"canonical":"https:\/\/galeriecentral.ch\/en\/nyfeler-sucht-den-frieden\/","og_locale":"en_US","og_type":"article","og_title":"Nyfeler sucht den Frieden - Galerie Central","og_description":"Patrick Nyfeler ist ein K\u00fcnstler, welcher nicht nur seine Technik weiterentwickelt, sondern sich auch von den Geschehnissen der Welt inspirieren l\u00e4sst. Als der K\u00fcnstler vor ein paar Jahren zu uns in die Central Art Gallery kam, waren seine gr\u00f6ssten Quelle der Inspiration die B\u00fcndner Natur und seine Rolle als stolzer Familienvater. W\u00e4hrend er weiterhin diesen [&hellip;]","og_url":"https:\/\/galeriecentral.ch\/en\/nyfeler-sucht-den-frieden\/","og_site_name":"Galerie Central","article_published_time":"2024-01-25T10:42:14+00:00","article_modified_time":"2024-01-25T10:45:05+00:00","og_image":[{"width":2560,"height":1354,"url":"http:\/\/galeriecentral.ch\/wp-content\/uploads\/2024\/01\/DSC03639-scaled.jpg","type":"image\/jpeg"}],"author":"galeriecentral","twitter_card":"summary_large_image","twitter_misc":{"Written by":"galeriecentral","Est. reading time":"1 minute"},"schema":{"@context":"https:\/\/schema.org","@graph":[{"@type":"Article","@id":"https:\/\/galeriecentral.ch\/en\/nyfeler-sucht-den-frieden\/#article","isPartOf":{"@id":"https:\/\/galeriecentral.ch\/en\/nyfeler-sucht-den-frieden\/"},"author":{"name":"galeriecentral","@id":"https:\/\/galeriecentral.ch\/#\/schema\/person\/0e70119fb3c04d956e8eef8e6cdea241"},"headline":"Nyfeler sucht den Frieden","datePublished":"2024-01-25T10:42:14+00:00","dateModified":"2024-01-25T10:45:05+00:00","mainEntityOfPage":{"@id":"https:\/\/galeriecentral.ch\/en\/nyfeler-sucht-den-frieden\/"},"wordCount":219,"image":{"@id":"https:\/\/galeriecentral.ch\/en\/nyfeler-sucht-den-frieden\/#primaryimage"},"thumbnailUrl":"https:\/\/galeriecentral.ch\/wp-content\/uploads\/2024\/01\/DSC03639-scaled.jpg","inLanguage":"en-US"},{"@type":"WebPage","@id":"https:\/\/galeriecentral.ch\/en\/nyfeler-sucht-den-frieden\/","url":"https:\/\/galeriecentral.ch\/en\/nyfeler-sucht-den-frieden\/","name":"Nyfeler sucht den Frieden - Galerie Central","isPartOf":{"@id":"https:\/\/galeriecentral.ch\/#website"},"primaryImageOfPage":{"@id":"https:\/\/galeriecentral.ch\/en\/nyfeler-sucht-den-frieden\/#primaryimage"},"image":{"@id":"https:\/\/galeriecentral.ch\/en\/nyfeler-sucht-den-frieden\/#primaryimage"},"thumbnailUrl":"https:\/\/galeriecentral.ch\/wp-content\/uploads\/2024\/01\/DSC03639-scaled.jpg","datePublished":"2024-01-25T10:42:14+00:00","dateModified":"2024-01-25T10:45:05+00:00","author":{"@id":"https:\/\/galeriecentral.ch\/#\/schema\/person\/0e70119fb3c04d956e8eef8e6cdea241"},"breadcrumb":{"@id":"https:\/\/galeriecentral.ch\/en\/nyfeler-sucht-den-frieden\/#breadcrumb"},"inLanguage":"en-US","potentialAction":[{"@type":"ReadAction","target":["https:\/\/galeriecentral.ch\/en\/nyfeler-sucht-den-frieden\/"]}]},{"@type":"ImageObject","inLanguage":"en-US","@id":"https:\/\/galeriecentral.ch\/en\/nyfeler-sucht-den-frieden\/#primaryimage","url":"https:\/\/galeriecentral.ch\/wp-content\/uploads\/2024\/01\/DSC03639-scaled.jpg","contentUrl":"https:\/\/galeriecentral.ch\/wp-content\/uploads\/2024\/01\/DSC03639-scaled.jpg","width":2560,"height":1354},{"@type":"BreadcrumbList","@id":"https:\/\/galeriecentral.ch\/en\/nyfeler-sucht-den-frieden\/#breadcrumb","itemListElement":[{"@type":"ListItem","position":1,"name":"Home","item":"https:\/\/galeriecentral.ch\/en\/"},{"@type":"ListItem","position":2,"name":"Nyfeler sucht den Frieden"}]},{"@type":"WebSite","@id":"https:\/\/galeriecentral.ch\/#website","url":"https:\/\/galeriecentral.ch\/","name":"Galerie Central","description":"","potentialAction":[{"@type":"SearchAction","target":{"@type":"EntryPoint","urlTemplate":"https:\/\/galeriecentral.ch\/?s={search_term_string}"},"query-input":{"@type":"PropertyValueSpecification","valueRequired":true,"valueName":"search_term_string"}}],"inLanguage":"en-US"},{"@type":"Person","@id":"https:\/\/galeriecentral.ch\/#\/schema\/person\/0e70119fb3c04d956e8eef8e6cdea241","name":"galeriecentral","sameAs":["http:\/\/galeriecentral.ch\/"],"url":"https:\/\/galeriecentral.ch\/en\/author\/galeriecentral\/"}]}},"_links":{"self":[{"href":"https:\/\/galeriecentral.ch\/en\/wp-json\/wp\/v2\/posts\/1386","targetHints":{"allow":["GET"]}}],"collection":[{"href":"https:\/\/galeriecentral.ch\/en\/wp-json\/wp\/v2\/posts"}],"about":[{"href":"https:\/\/galeriecentral.ch\/en\/wp-json\/wp\/v2\/types\/post"}],"author":[{"embeddable":true,"href":"https:\/\/galeriecentral.ch\/en\/wp-json\/wp\/v2\/users\/2"}],"replies":[{"embeddable":true,"href":"https:\/\/galeriecentral.ch\/en\/wp-json\/wp\/v2\/comments?post=1386"}],"version-history":[{"count":0,"href":"https:\/\/galeriecentral.ch\/en\/wp-json\/wp\/v2\/posts\/1386\/revisions"}],"wp:featuredmedia":[{"embeddable":true,"href":"https:\/\/galeriecentral.ch\/en\/wp-json\/wp\/v2\/media\/1365"}],"wp:attachment":[{"href":"https:\/\/galeriecentral.ch\/en\/wp-json\/wp\/v2\/media?parent=1386"}],"wp:term":[{"taxonomy":"category","embeddable":true,"href":"https:\/\/galeriecentral.ch\/en\/wp-json\/wp\/v2\/categories?post=1386"},{"taxonomy":"post_tag","embeddable":true,"href":"https:\/\/galeriecentral.ch\/en\/wp-json\/wp\/v2\/tags?post=1386"}],"curies":[{"name":"wp","href":"https:\/\/api.w.org\/{rel}","templated":true}]}}