{"id":1010,"date":"2021-12-10T13:52:26","date_gmt":"2021-12-10T12:52:26","guid":{"rendered":"https:\/\/galeriecentral.ch\/?p=1010"},"modified":"2021-12-10T13:52:26","modified_gmt":"2021-12-10T12:52:26","slug":"giada-bianchi-in-der-engadiner-post-2","status":"publish","type":"post","link":"https:\/\/galeriecentral.ch\/en\/giada-bianchi-in-der-engadiner-post-2\/","title":{"rendered":"Giada Bianchi in der Engadiner Post"},"content":{"rendered":"<p><img loading=\"lazy\" decoding=\"async\" class=\"size-medium wp-image-1007 alignleft\" src=\"http:\/\/galeriecentral.ch\/wp-content\/uploads\/2021\/12\/211109-Giada-Bianchi-in-der-Engadiner-Post-300x286.png\" alt=\"\" width=\"300\" height=\"286\" srcset=\"https:\/\/galeriecentral.ch\/wp-content\/uploads\/2021\/12\/211109-Giada-Bianchi-in-der-Engadiner-Post-300x286.png 300w, https:\/\/galeriecentral.ch\/wp-content\/uploads\/2021\/12\/211109-Giada-Bianchi-in-der-Engadiner-Post-1024x976.png 1024w, https:\/\/galeriecentral.ch\/wp-content\/uploads\/2021\/12\/211109-Giada-Bianchi-in-der-Engadiner-Post-768x732.png 768w, https:\/\/galeriecentral.ch\/wp-content\/uploads\/2021\/12\/211109-Giada-Bianchi-in-der-Engadiner-Post-150x143.png 150w, https:\/\/galeriecentral.ch\/wp-content\/uploads\/2021\/12\/211109-Giada-Bianchi-in-der-Engadiner-Post-1536x1464.png 1536w, https:\/\/galeriecentral.ch\/wp-content\/uploads\/2021\/12\/211109-Giada-Bianchi-in-der-Engadiner-Post-2048x1953.png 2048w, https:\/\/galeriecentral.ch\/wp-content\/uploads\/2021\/12\/211109-Giada-Bianchi-in-der-Engadiner-Post-1510x1440.png 1510w\" sizes=\"auto, (max-width: 300px) 100vw, 300px\" \/>Wer sich den Acrylgem\u00e4lden n\u00e4hert, entdeckt immer mehr kleine, zumeist rundliche oder ovale Formen, dazwischen auch l\u00e4ngliche Gebilde, die an Zellbestandteile erinnern oder an einen Blumengarten. Keine eckigen Elemente, die Farben zueinander teils komplement\u00e4r gesetzt. (&#8230;).&#8221;<\/p>\n<p>Wir haben uns sehr gefreut, dass die Engadiner Post einen informativen Artikel \u00fcber die Werke von Giada Bianchi geschrieben hat. Gerne k\u00f6nnen Sie sich den Artikel herunterladen, um mehr \u00fcber unsere K\u00fcnstlerin Giada Bianchi und ihre Biografie der Menschheit zu erfahren. Wir bedanken uns ganz herzlich bei der Engadiner Post und Marie-Claire Jur f\u00fcr diesen Beitrag!<\/p>\n<p><a href=\"http:\/\/galeriecentral.ch\/wp-content\/uploads\/2021\/12\/21110920Giada20Bianchi20in20der20Engadiner20Post.pdf\">Giada Bianchi in der Engadiner Post (ganzer Artikel)<\/a><\/p>\n","protected":false},"excerpt":{"rendered":"<p>Wer sich den Acrylgem\u00e4lden n\u00e4hert, entdeckt immer mehr kleine, zumeist rundliche oder ovale Formen, dazwischen auch l\u00e4ngliche Gebilde, die an Zellbestandteile erinnern oder an einen Blumengarten. Keine eckigen Elemente, die Farben zueinander teils komplement\u00e4r gesetzt. (&#8230;).&#8221; Wir haben uns sehr gefreut, dass die Engadiner Post einen informativen Artikel \u00fcber die Werke von Giada Bianchi geschrieben [&hellip;]<\/p>\n","protected":false},"author":2,"featured_media":1008,"comment_status":"closed","ping_status":"closed","sticky":false,"template":"","format":"standard","meta":{"_acf_changed":false,"footnotes":""},"categories":[10],"tags":[],"class_list":["post-1010","post","type-post","status-publish","format-standard","has-post-thumbnail","hentry","category-uncategorized"],"acf":[],"yoast_head":"<!-- This site is optimized with the Yoast SEO plugin v27.5 - https:\/\/yoast.com\/product\/yoast-seo-wordpress\/ -->\n<title>Giada Bianchi in der Engadiner Post - Galerie Central<\/title>\n<meta name=\"robots\" content=\"index, follow, max-snippet:-1, max-image-preview:large, max-video-preview:-1\" \/>\n<link rel=\"canonical\" href=\"https:\/\/galeriecentral.ch\/en\/giada-bianchi-in-der-engadiner-post-2\/\" \/>\n<meta property=\"og:locale\" content=\"en_US\" \/>\n<meta property=\"og:type\" content=\"article\" \/>\n<meta property=\"og:title\" content=\"Giada Bianchi in der Engadiner Post - Galerie Central\" \/>\n<meta property=\"og:description\" content=\"Wer sich den Acrylgem\u00e4lden n\u00e4hert, entdeckt immer mehr kleine, zumeist rundliche oder ovale Formen, dazwischen auch l\u00e4ngliche Gebilde, die an Zellbestandteile erinnern oder an einen Blumengarten. Keine eckigen Elemente, die Farben zueinander teils komplement\u00e4r gesetzt. (&#8230;).&#8221; Wir haben uns sehr gefreut, dass die Engadiner Post einen informativen Artikel \u00fcber die Werke von Giada Bianchi geschrieben [&hellip;]\" \/>\n<meta property=\"og:url\" content=\"https:\/\/galeriecentral.ch\/en\/giada-bianchi-in-der-engadiner-post-2\/\" \/>\n<meta property=\"og:site_name\" content=\"Galerie Central\" \/>\n<meta property=\"article:published_time\" content=\"2021-12-10T12:52:26+00:00\" \/>\n<meta property=\"og:image\" content=\"https:\/\/galeriecentral.ch\/wp-content\/uploads\/2021\/12\/211109-Giada-Bianchi-in-der-Engadiner-Post-1024x976.png\" \/>\n\t<meta property=\"og:image:width\" content=\"1024\" \/>\n\t<meta property=\"og:image:height\" content=\"976\" \/>\n\t<meta property=\"og:image:type\" content=\"image\/png\" \/>\n<meta name=\"author\" content=\"galeriecentral\" \/>\n<meta name=\"twitter:card\" content=\"summary_large_image\" \/>\n<meta name=\"twitter:label1\" content=\"Written by\" \/>\n\t<meta name=\"twitter:data1\" content=\"galeriecentral\" \/>\n\t<meta name=\"twitter:label2\" content=\"Est. reading time\" \/>\n\t<meta name=\"twitter:data2\" content=\"1 minute\" \/>\n<script type=\"application\/ld+json\" class=\"yoast-schema-graph\">{\"@context\":\"https:\\\/\\\/schema.org\",\"@graph\":[{\"@type\":\"Article\",\"@id\":\"https:\\\/\\\/galeriecentral.ch\\\/en\\\/giada-bianchi-in-der-engadiner-post-2\\\/#article\",\"isPartOf\":{\"@id\":\"https:\\\/\\\/galeriecentral.ch\\\/en\\\/giada-bianchi-in-der-engadiner-post-2\\\/\"},\"author\":{\"name\":\"galeriecentral\",\"@id\":\"https:\\\/\\\/galeriecentral.ch\\\/#\\\/schema\\\/person\\\/0e70119fb3c04d956e8eef8e6cdea241\"},\"headline\":\"Giada Bianchi in der Engadiner Post\",\"datePublished\":\"2021-12-10T12:52:26+00:00\",\"mainEntityOfPage\":{\"@id\":\"https:\\\/\\\/galeriecentral.ch\\\/en\\\/giada-bianchi-in-der-engadiner-post-2\\\/\"},\"wordCount\":112,\"image\":{\"@id\":\"https:\\\/\\\/galeriecentral.ch\\\/en\\\/giada-bianchi-in-der-engadiner-post-2\\\/#primaryimage\"},\"thumbnailUrl\":\"https:\\\/\\\/galeriecentral.ch\\\/wp-content\\\/uploads\\\/2021\\\/12\\\/211109-Giada-Bianchi-in-der-Engadiner-Post.png\",\"inLanguage\":\"en-US\"},{\"@type\":\"WebPage\",\"@id\":\"https:\\\/\\\/galeriecentral.ch\\\/en\\\/giada-bianchi-in-der-engadiner-post-2\\\/\",\"url\":\"https:\\\/\\\/galeriecentral.ch\\\/en\\\/giada-bianchi-in-der-engadiner-post-2\\\/\",\"name\":\"Giada Bianchi in der Engadiner Post - Galerie Central\",\"isPartOf\":{\"@id\":\"https:\\\/\\\/galeriecentral.ch\\\/#website\"},\"primaryImageOfPage\":{\"@id\":\"https:\\\/\\\/galeriecentral.ch\\\/en\\\/giada-bianchi-in-der-engadiner-post-2\\\/#primaryimage\"},\"image\":{\"@id\":\"https:\\\/\\\/galeriecentral.ch\\\/en\\\/giada-bianchi-in-der-engadiner-post-2\\\/#primaryimage\"},\"thumbnailUrl\":\"https:\\\/\\\/galeriecentral.ch\\\/wp-content\\\/uploads\\\/2021\\\/12\\\/211109-Giada-Bianchi-in-der-Engadiner-Post.png\",\"datePublished\":\"2021-12-10T12:52:26+00:00\",\"author\":{\"@id\":\"https:\\\/\\\/galeriecentral.ch\\\/#\\\/schema\\\/person\\\/0e70119fb3c04d956e8eef8e6cdea241\"},\"breadcrumb\":{\"@id\":\"https:\\\/\\\/galeriecentral.ch\\\/en\\\/giada-bianchi-in-der-engadiner-post-2\\\/#breadcrumb\"},\"inLanguage\":\"en-US\",\"potentialAction\":[{\"@type\":\"ReadAction\",\"target\":[\"https:\\\/\\\/galeriecentral.ch\\\/en\\\/giada-bianchi-in-der-engadiner-post-2\\\/\"]}]},{\"@type\":\"ImageObject\",\"inLanguage\":\"en-US\",\"@id\":\"https:\\\/\\\/galeriecentral.ch\\\/en\\\/giada-bianchi-in-der-engadiner-post-2\\\/#primaryimage\",\"url\":\"https:\\\/\\\/galeriecentral.ch\\\/wp-content\\\/uploads\\\/2021\\\/12\\\/211109-Giada-Bianchi-in-der-Engadiner-Post.png\",\"contentUrl\":\"https:\\\/\\\/galeriecentral.ch\\\/wp-content\\\/uploads\\\/2021\\\/12\\\/211109-Giada-Bianchi-in-der-Engadiner-Post.png\",\"width\":3583,\"height\":3416},{\"@type\":\"BreadcrumbList\",\"@id\":\"https:\\\/\\\/galeriecentral.ch\\\/en\\\/giada-bianchi-in-der-engadiner-post-2\\\/#breadcrumb\",\"itemListElement\":[{\"@type\":\"ListItem\",\"position\":1,\"name\":\"Home\",\"item\":\"https:\\\/\\\/galeriecentral.ch\\\/en\\\/\"},{\"@type\":\"ListItem\",\"position\":2,\"name\":\"Giada Bianchi in der Engadiner Post\"}]},{\"@type\":\"WebSite\",\"@id\":\"https:\\\/\\\/galeriecentral.ch\\\/#website\",\"url\":\"https:\\\/\\\/galeriecentral.ch\\\/\",\"name\":\"Galerie Central\",\"description\":\"\",\"potentialAction\":[{\"@type\":\"SearchAction\",\"target\":{\"@type\":\"EntryPoint\",\"urlTemplate\":\"https:\\\/\\\/galeriecentral.ch\\\/?s={search_term_string}\"},\"query-input\":{\"@type\":\"PropertyValueSpecification\",\"valueRequired\":true,\"valueName\":\"search_term_string\"}}],\"inLanguage\":\"en-US\"},{\"@type\":\"Person\",\"@id\":\"https:\\\/\\\/galeriecentral.ch\\\/#\\\/schema\\\/person\\\/0e70119fb3c04d956e8eef8e6cdea241\",\"name\":\"galeriecentral\",\"sameAs\":[\"http:\\\/\\\/galeriecentral.ch\\\/\"],\"url\":\"https:\\\/\\\/galeriecentral.ch\\\/en\\\/author\\\/galeriecentral\\\/\"}]}<\/script>\n<!-- \/ Yoast SEO plugin. -->","yoast_head_json":{"title":"Giada Bianchi in der Engadiner Post - Galerie Central","robots":{"index":"index","follow":"follow","max-snippet":"max-snippet:-1","max-image-preview":"max-image-preview:large","max-video-preview":"max-video-preview:-1"},"canonical":"https:\/\/galeriecentral.ch\/en\/giada-bianchi-in-der-engadiner-post-2\/","og_locale":"en_US","og_type":"article","og_title":"Giada Bianchi in der Engadiner Post - Galerie Central","og_description":"Wer sich den Acrylgem\u00e4lden n\u00e4hert, entdeckt immer mehr kleine, zumeist rundliche oder ovale Formen, dazwischen auch l\u00e4ngliche Gebilde, die an Zellbestandteile erinnern oder an einen Blumengarten. Keine eckigen Elemente, die Farben zueinander teils komplement\u00e4r gesetzt. (&#8230;).&#8221; Wir haben uns sehr gefreut, dass die Engadiner Post einen informativen Artikel \u00fcber die Werke von Giada Bianchi geschrieben [&hellip;]","og_url":"https:\/\/galeriecentral.ch\/en\/giada-bianchi-in-der-engadiner-post-2\/","og_site_name":"Galerie Central","article_published_time":"2021-12-10T12:52:26+00:00","og_image":[{"width":1024,"height":976,"url":"https:\/\/galeriecentral.ch\/wp-content\/uploads\/2021\/12\/211109-Giada-Bianchi-in-der-Engadiner-Post-1024x976.png","type":"image\/png"}],"author":"galeriecentral","twitter_card":"summary_large_image","twitter_misc":{"Written by":"galeriecentral","Est. reading time":"1 minute"},"schema":{"@context":"https:\/\/schema.org","@graph":[{"@type":"Article","@id":"https:\/\/galeriecentral.ch\/en\/giada-bianchi-in-der-engadiner-post-2\/#article","isPartOf":{"@id":"https:\/\/galeriecentral.ch\/en\/giada-bianchi-in-der-engadiner-post-2\/"},"author":{"name":"galeriecentral","@id":"https:\/\/galeriecentral.ch\/#\/schema\/person\/0e70119fb3c04d956e8eef8e6cdea241"},"headline":"Giada Bianchi in der Engadiner Post","datePublished":"2021-12-10T12:52:26+00:00","mainEntityOfPage":{"@id":"https:\/\/galeriecentral.ch\/en\/giada-bianchi-in-der-engadiner-post-2\/"},"wordCount":112,"image":{"@id":"https:\/\/galeriecentral.ch\/en\/giada-bianchi-in-der-engadiner-post-2\/#primaryimage"},"thumbnailUrl":"https:\/\/galeriecentral.ch\/wp-content\/uploads\/2021\/12\/211109-Giada-Bianchi-in-der-Engadiner-Post.png","inLanguage":"en-US"},{"@type":"WebPage","@id":"https:\/\/galeriecentral.ch\/en\/giada-bianchi-in-der-engadiner-post-2\/","url":"https:\/\/galeriecentral.ch\/en\/giada-bianchi-in-der-engadiner-post-2\/","name":"Giada Bianchi in der Engadiner Post - Galerie Central","isPartOf":{"@id":"https:\/\/galeriecentral.ch\/#website"},"primaryImageOfPage":{"@id":"https:\/\/galeriecentral.ch\/en\/giada-bianchi-in-der-engadiner-post-2\/#primaryimage"},"image":{"@id":"https:\/\/galeriecentral.ch\/en\/giada-bianchi-in-der-engadiner-post-2\/#primaryimage"},"thumbnailUrl":"https:\/\/galeriecentral.ch\/wp-content\/uploads\/2021\/12\/211109-Giada-Bianchi-in-der-Engadiner-Post.png","datePublished":"2021-12-10T12:52:26+00:00","author":{"@id":"https:\/\/galeriecentral.ch\/#\/schema\/person\/0e70119fb3c04d956e8eef8e6cdea241"},"breadcrumb":{"@id":"https:\/\/galeriecentral.ch\/en\/giada-bianchi-in-der-engadiner-post-2\/#breadcrumb"},"inLanguage":"en-US","potentialAction":[{"@type":"ReadAction","target":["https:\/\/galeriecentral.ch\/en\/giada-bianchi-in-der-engadiner-post-2\/"]}]},{"@type":"ImageObject","inLanguage":"en-US","@id":"https:\/\/galeriecentral.ch\/en\/giada-bianchi-in-der-engadiner-post-2\/#primaryimage","url":"https:\/\/galeriecentral.ch\/wp-content\/uploads\/2021\/12\/211109-Giada-Bianchi-in-der-Engadiner-Post.png","contentUrl":"https:\/\/galeriecentral.ch\/wp-content\/uploads\/2021\/12\/211109-Giada-Bianchi-in-der-Engadiner-Post.png","width":3583,"height":3416},{"@type":"BreadcrumbList","@id":"https:\/\/galeriecentral.ch\/en\/giada-bianchi-in-der-engadiner-post-2\/#breadcrumb","itemListElement":[{"@type":"ListItem","position":1,"name":"Home","item":"https:\/\/galeriecentral.ch\/en\/"},{"@type":"ListItem","position":2,"name":"Giada Bianchi in der Engadiner Post"}]},{"@type":"WebSite","@id":"https:\/\/galeriecentral.ch\/#website","url":"https:\/\/galeriecentral.ch\/","name":"Galerie Central","description":"","potentialAction":[{"@type":"SearchAction","target":{"@type":"EntryPoint","urlTemplate":"https:\/\/galeriecentral.ch\/?s={search_term_string}"},"query-input":{"@type":"PropertyValueSpecification","valueRequired":true,"valueName":"search_term_string"}}],"inLanguage":"en-US"},{"@type":"Person","@id":"https:\/\/galeriecentral.ch\/#\/schema\/person\/0e70119fb3c04d956e8eef8e6cdea241","name":"galeriecentral","sameAs":["http:\/\/galeriecentral.ch\/"],"url":"https:\/\/galeriecentral.ch\/en\/author\/galeriecentral\/"}]}},"_links":{"self":[{"href":"https:\/\/galeriecentral.ch\/en\/wp-json\/wp\/v2\/posts\/1010","targetHints":{"allow":["GET"]}}],"collection":[{"href":"https:\/\/galeriecentral.ch\/en\/wp-json\/wp\/v2\/posts"}],"about":[{"href":"https:\/\/galeriecentral.ch\/en\/wp-json\/wp\/v2\/types\/post"}],"author":[{"embeddable":true,"href":"https:\/\/galeriecentral.ch\/en\/wp-json\/wp\/v2\/users\/2"}],"replies":[{"embeddable":true,"href":"https:\/\/galeriecentral.ch\/en\/wp-json\/wp\/v2\/comments?post=1010"}],"version-history":[{"count":0,"href":"https:\/\/galeriecentral.ch\/en\/wp-json\/wp\/v2\/posts\/1010\/revisions"}],"wp:featuredmedia":[{"embeddable":true,"href":"https:\/\/galeriecentral.ch\/en\/wp-json\/wp\/v2\/media\/1008"}],"wp:attachment":[{"href":"https:\/\/galeriecentral.ch\/en\/wp-json\/wp\/v2\/media?parent=1010"}],"wp:term":[{"taxonomy":"category","embeddable":true,"href":"https:\/\/galeriecentral.ch\/en\/wp-json\/wp\/v2\/categories?post=1010"},{"taxonomy":"post_tag","embeddable":true,"href":"https:\/\/galeriecentral.ch\/en\/wp-json\/wp\/v2\/tags?post=1010"}],"curies":[{"name":"wp","href":"https:\/\/api.w.org\/{rel}","templated":true}]}}